{"id":1675,"date":"2021-09-04T02:33:26","date_gmt":"2021-09-04T02:33:26","guid":{"rendered":"http:\/\/www.itziararetxaga.net\/?p=1675"},"modified":"2021-09-04T02:39:03","modified_gmt":"2021-09-04T02:39:03","slug":"coloquio-sobre-el-documental-el-universo-invisible-tv-unam","status":"publish","type":"post","link":"http:\/\/www.itziararetxaga.net\/es\/2021\/09\/coloquio-sobre-el-documental-el-universo-invisible-tv-unam\/","title":{"rendered":"Coloquio sobre el documental \u00abEl Universo Invisible\u00bb, TV-UNAM"},"content":{"rendered":"<p>El 2 de septiembre particip\u00e9 en el coloquio sobre el documental \u00abUniverso invisible: materia y energ\u00eda oscuras\u00bb junto con Luis Felipe Rodr\u00edguez, astr\u00f3nomo del IRyA-UNAM. Proyectaron primero el documental de Jaime Kuri Aiza , que grabamos hace 6 a\u00f1os, y luego interactuamos con el p\u00fablico en el debate sobre la ciencia.<\/p>\n<div class=\"o9v6fnle cxmmr5t8 oygrvhab hcukyx3x c1et5uql ii04i59q\"><\/div>\n<div class=\"o9v6fnle cxmmr5t8 oygrvhab hcukyx3x c1et5uql ii04i59q\">\n<div dir=\"auto\">\n<p><iframe loading=\"lazy\" title=\"\ud83d\udcfd \u201cUniverso Invisible: Materia y Energ\u00eda Oscura\u201d.\" width=\"1140\" height=\"641\" src=\"https:\/\/www.youtube.com\/embed\/9WXpXj0wi9U?feature=oembed\" frameborder=\"0\" allow=\"accelerometer; autoplay; clipboard-write; encrypted-media; gyroscope; picture-in-picture\" allowfullscreen><\/iframe><\/p>\n<\/div>\n<\/div>\n","protected":false},"excerpt":{"rendered":"<p>El 2 de septiembre particip\u00e9 en el coloquio sobre el documental \u00abUniverso invisible: materia y energ\u00eda oscuras\u00bb junto con Luis Felipe Rodr\u00edguez, astr\u00f3nomo del IRyA-UNAM. Proyectaron primero el documental de Jaime Kuri Aiza , que grabamos hace 6 a\u00f1os, y luego interactuamos con el p\u00fablico en el debate sobre la ciencia.<\/p>\n","protected":false},"author":2,"featured_media":1679,"comment_status":"open","ping_status":"open","sticky":false,"template":"","format":"standard","meta":{"footnotes":""},"categories":[2,9,21,6],"tags":[181,215,231],"class_list":{"0":"post-1675","1":"post","2":"type-post","3":"status-publish","4":"format-standard","5":"has-post-thumbnail","7":"category-astronomia","8":"category-colaboraciones","9":"category-divulgacion","10":"category-entrevistas","11":"tag-cosmo","12":"tag-galaxies-es","13":"tag-universo","14":"czr-hentry"},"_links":{"self":[{"href":"http:\/\/www.itziararetxaga.net\/es\/wp-json\/wp\/v2\/posts\/1675"}],"collection":[{"href":"http:\/\/www.itziararetxaga.net\/es\/wp-json\/wp\/v2\/posts"}],"about":[{"href":"http:\/\/www.itziararetxaga.net\/es\/wp-json\/wp\/v2\/types\/post"}],"author":[{"embeddable":true,"href":"http:\/\/www.itziararetxaga.net\/es\/wp-json\/wp\/v2\/users\/2"}],"replies":[{"embeddable":true,"href":"http:\/\/www.itziararetxaga.net\/es\/wp-json\/wp\/v2\/comments?post=1675"}],"version-history":[{"count":4,"href":"http:\/\/www.itziararetxaga.net\/es\/wp-json\/wp\/v2\/posts\/1675\/revisions"}],"predecessor-version":[{"id":1685,"href":"http:\/\/www.itziararetxaga.net\/es\/wp-json\/wp\/v2\/posts\/1675\/revisions\/1685"}],"wp:featuredmedia":[{"embeddable":true,"href":"http:\/\/www.itziararetxaga.net\/es\/wp-json\/wp\/v2\/media\/1679"}],"wp:attachment":[{"href":"http:\/\/www.itziararetxaga.net\/es\/wp-json\/wp\/v2\/media?parent=1675"}],"wp:term":[{"taxonomy":"category","embeddable":true,"href":"http:\/\/www.itziararetxaga.net\/es\/wp-json\/wp\/v2\/categories?post=1675"},{"taxonomy":"post_tag","embeddable":true,"href":"http:\/\/www.itziararetxaga.net\/es\/wp-json\/wp\/v2\/tags?post=1675"}],"curies":[{"name":"wp","href":"https:\/\/api.w.org\/{rel}","templated":true}]}}