{"id":1413,"date":"2020-12-01T00:47:25","date_gmt":"2020-12-01T00:47:25","guid":{"rendered":"http:\/\/www.itziararetxaga.net\/2020\/12\/conferencia-en-planetarios-de-quintana-roo-galaxias-infantes-en-los-confines-del-universo\/"},"modified":"2021-02-20T02:37:52","modified_gmt":"2021-02-20T02:37:52","slug":"conferencia-en-planetarios-de-quintana-roo-galaxias-infantes-en-los-confines-del-universo","status":"publish","type":"post","link":"http:\/\/www.itziararetxaga.net\/eu\/2020\/12\/conferencia-en-planetarios-de-quintana-roo-galaxias-infantes-en-los-confines-del-universo\/","title":{"rendered":"Conferencia en Planetarios de Quintana Roo: Galaxias infantes en los confines del Universo"},"content":{"rendered":"<p>Conferencia para todo p\u00fablico en Planetarios de Quintana Roo, 27 noviembre 2020: &#8220;Galaxias infantes en los confines del Universo&#8221;<\/p>\n<h4 style=\"margin-bottom: .0001pt; line-height: normal;\">Resumen<\/h4>\n<p style=\"margin-bottom: .0001pt; line-height: normal;\">Realizaremos un recorrido por las escalas del Universo, desde nuestra propia galaxia La v\u00eda L\u00e1ctea y su grupo local de galaxias, hasta las galaxias m\u00e1s lejanas identificadas hoy en d\u00eda, a 32 mil millones de a\u00f1o luz de distancia, hoy en d\u00eda. En esta aventura de cartografiar nuestro universo, los grandes telescopios de participaci\u00f3n mexicana, el Gran Telescopio Milim\u00e9trico Alfonso Serrano (GTM) y el Gran Telescopio Canarias (GTC), nos aportan nuevos datos sobre la gran transformaci\u00f3n que sufren las galaxias a lo largo del tiempo.<\/p>\n<p>&nbsp;<\/p>\n<p><iframe loading=\"lazy\" title=\"CONFERENCIA &quot;GALAXIAS INFANTES EN LOS CONFINES DEL UNIVERSO&quot;\" width=\"500\" height=\"281\" src=\"https:\/\/www.youtube.com\/embed\/1JkyG9kAWUk?start=216&#038;feature=oembed\" frameborder=\"0\" allow=\"accelerometer; autoplay; clipboard-write; encrypted-media; gyroscope; picture-in-picture\" allowfullscreen><\/iframe><\/p>\n","protected":false},"excerpt":{"rendered":"<p>Conferencia para todo p\u00fablico en Planetarios de Quintana Roo, 27 noviembre 2020: &#8220;Galaxias infantes en los confines del Universo&#8221; Resumen Realizaremos un recorrido por las escalas del Universo, desde nuestra propia galaxia La v\u00eda L\u00e1ctea y su grupo local de galaxias, hasta las galaxias m\u00e1s lejanas identificadas hoy en d\u00eda, a 32 mil millones de [&hellip;]<\/p>\n","protected":false},"author":2,"featured_media":1410,"comment_status":"open","ping_status":"open","sticky":false,"template":"","format":"standard","meta":{"footnotes":""},"categories":[40,42,56],"tags":[214,232],"class_list":{"0":"post-1413","1":"post","2":"type-post","3":"status-publish","4":"format-standard","5":"has-post-thumbnail","7":"category-astronomia-eu","8":"category-dibulgazioa","9":"category-hitzaldiak","10":"tag-galaxies-eu","11":"tag-universo-eu","12":"czr-hentry"},"_links":{"self":[{"href":"http:\/\/www.itziararetxaga.net\/eu\/wp-json\/wp\/v2\/posts\/1413"}],"collection":[{"href":"http:\/\/www.itziararetxaga.net\/eu\/wp-json\/wp\/v2\/posts"}],"about":[{"href":"http:\/\/www.itziararetxaga.net\/eu\/wp-json\/wp\/v2\/types\/post"}],"author":[{"embeddable":true,"href":"http:\/\/www.itziararetxaga.net\/eu\/wp-json\/wp\/v2\/users\/2"}],"replies":[{"embeddable":true,"href":"http:\/\/www.itziararetxaga.net\/eu\/wp-json\/wp\/v2\/comments?post=1413"}],"version-history":[{"count":3,"href":"http:\/\/www.itziararetxaga.net\/eu\/wp-json\/wp\/v2\/posts\/1413\/revisions"}],"predecessor-version":[{"id":1441,"href":"http:\/\/www.itziararetxaga.net\/eu\/wp-json\/wp\/v2\/posts\/1413\/revisions\/1441"}],"wp:featuredmedia":[{"embeddable":true,"href":"http:\/\/www.itziararetxaga.net\/eu\/wp-json\/wp\/v2\/media\/1410"}],"wp:attachment":[{"href":"http:\/\/www.itziararetxaga.net\/eu\/wp-json\/wp\/v2\/media?parent=1413"}],"wp:term":[{"taxonomy":"category","embeddable":true,"href":"http:\/\/www.itziararetxaga.net\/eu\/wp-json\/wp\/v2\/categories?post=1413"},{"taxonomy":"post_tag","embeddable":true,"href":"http:\/\/www.itziararetxaga.net\/eu\/wp-json\/wp\/v2\/tags?post=1413"}],"curies":[{"name":"wp","href":"https:\/\/api.w.org\/{rel}","templated":true}]}}